{"id":1158,"date":"2020-12-08T03:37:18","date_gmt":"2020-12-08T00:37:18","guid":{"rendered":"http:\/\/melindatrochu.com\/?p=1158"},"modified":"2021-04-01T00:30:11","modified_gmt":"2021-03-31T21:30:11","slug":"reportages-pour-lemission-regards-de-radio-victoria","status":"publish","type":"post","link":"http:\/\/melindatrochu.com\/?p=1158","title":{"rendered":"Reportages pour l&#8217;\u00e9mission &#8216;Regards&#8217; de Radio Victoria"},"content":{"rendered":"\n<p>De novembre 2020 \u00e0 mars 2021, je couvre <a rel=\"noreferrer noopener\" href=\"https:\/\/radiovictoria.ca\/regards\/\" data-type=\"URL\" data-id=\"https:\/\/radiovictoria.ca\/regards\/\" target=\"_blank\">des th\u00e9matiques municipales<\/a> pour Radio Victoria.<\/p>\n\n\n\n<p>A \u00e9couter <a rel=\"noreferrer noopener\" href=\"https:\/\/soundcloud.com\/melindatrochu\/sets\/regards-sur-le-grand-victoria\" data-type=\"URL\" data-id=\"https:\/\/soundcloud.com\/melindatrochu\/sets\/regards-sur-le-grand-victoria\" target=\"_blank\">sur mon Soundcloud.<\/a><\/p>\n\n\n\n<p><strong><em>Reportages<\/em><\/strong><\/p>\n\n\n\n<p><a rel=\"noreferrer noopener\" href=\"https:\/\/radiovictoria.ca\/parc-beacon-hill-plus-de-100-000-dollars-apres-le-demantelement-des-douches-au\/\" data-type=\"URL\" data-id=\"https:\/\/radiovictoria.ca\/parc-beacon-hill-plus-de-100-000-dollars-apres-le-demantelement-des-douches-au\/\" target=\"_blank\">Parc Beacon Hill : plus de 100 000 dollars apr\u00e8s le d\u00e9mant\u00e8lement des douches<\/a><\/p>\n\n\n\n<p><a rel=\"noreferrer noopener\" href=\"https:\/\/radiovictoria.ca\/precarite-etudiante-rencontre-avec-olga-ziminova-et-kyell-erickson\/\" data-type=\"URL\" data-id=\"https:\/\/radiovictoria.ca\/precarite-etudiante-rencontre-avec-olga-ziminova-et-kyell-erickson\/\" target=\"_blank\">Pr\u00e9carit\u00e9 \u00e9tudiante : rencontre avec Olga Ziminova et Kyell Erickson<\/a><\/p>\n\n\n\n<p><a rel=\"noreferrer noopener\" href=\"https:\/\/radiovictoria.ca\/sursis-pour-la-tente-communautaire-dans-le-parc-beacon-hill\/\" data-type=\"URL\" data-id=\"https:\/\/radiovictoria.ca\/sursis-pour-la-tente-communautaire-dans-le-parc-beacon-hill\/\" target=\"_blank\">Sursis pour la tente communautaire dans le parc Beacon Hill<\/a><\/p>\n\n\n\n<p><a rel=\"noreferrer noopener\" href=\"https:\/\/canada-info.ca\/conteneurs-pour-sans-abris-a-victoria-renovation-et-retards-de-livraisons\/\" data-type=\"URL\" data-id=\"https:\/\/canada-info.ca\/conteneurs-pour-sans-abris-a-victoria-renovation-et-retards-de-livraisons\/\" target=\"_blank\">Conteneurs pour sans-abris \u00e0 Victoria : r\u00e9novation et retards de livraisons<\/a><\/p>\n\n\n\n<p><a href=\"https:\/\/canada-info.ca\/du-benevolat-en-francais-a-la-tente-communautaire-de-victoria\/\" data-type=\"URL\" data-id=\"https:\/\/canada-info.ca\/du-benevolat-en-francais-a-la-tente-communautaire-de-victoria\/\" target=\"_blank\" rel=\"noreferrer noopener\">Du b\u00e9n\u00e9volat en fran\u00e7ais \u00e0 la tente communautaire de Victoria<\/a><\/p>\n\n\n\n<p><strong><em>Animation de la r\u00e9trospective 2020<\/em><\/strong><\/p>\n\n\n\n<p><a href=\"https:\/\/radiovictoria.ca\/regards-sur-le-grand-victoria-emission-speciale-retrospective-2020\/\" data-type=\"URL\" data-id=\"https:\/\/radiovictoria.ca\/regards-sur-le-grand-victoria-emission-speciale-retrospective-2020\/\" target=\"_blank\" rel=\"noreferrer noopener\">Regards sur le Grand Victoria : \u00c9mission sp\u00e9ciale r\u00e9trospective 2020<\/a><\/p>\n\n\n\n<p><strong><em>Papiers<\/em><\/strong><a href=\"\"><\/a><\/p>\n\n\n\n<p><a href=\"https:\/\/radiovictoria.ca\/mobilite-electrique-a-saanich-et-rencontre-avec-une-candidate-au-conseil-municipal-de-victoria\/\" data-type=\"URL\" data-id=\"https:\/\/radiovictoria.ca\/mobilite-electrique-a-saanich-et-rencontre-avec-une-candidate-au-conseil-municipal-de-victoria\/\" target=\"_blank\" rel=\"noreferrer noopener\">Intervention sur la mobilit\u00e9 \u00e9lectrique \u00e0 Saanich<\/a><\/p>\n\n\n\n<p><a rel=\"noreferrer noopener\" href=\"https:\/\/radiovictoria.ca\/victoria-une-ville-100-renouvelable-dici-2050\/\" data-type=\"URL\" data-id=\"https:\/\/radiovictoria.ca\/victoria-une-ville-100-renouvelable-dici-2050\/\" target=\"_blank\">Intervention sur les engagements environnementaux de Victoria<\/a><\/p>\n\n\n\n<p><a rel=\"noreferrer noopener\" href=\"https:\/\/radiovictoria.ca\/la-premiere-nation-cowichan-fait-face-a-la-covid-19-et-au-racisme\/\" data-type=\"URL\" data-id=\"https:\/\/radiovictoria.ca\/la-premiere-nation-cowichan-fait-face-a-la-covid-19-et-au-racisme\/\" target=\"_blank\">La Premi\u00e8re Nation Cowichan fait face \u00e0 la COVID-19 et au racisme<\/a><\/p>\n\n\n\n<p><a rel=\"noreferrer noopener\" href=\"https:\/\/canada-info.ca\/energies-fossiles-luniversite-de-victoria-desinvestit-80-millions-de-dollars\/\" data-type=\"URL\" data-id=\"https:\/\/canada-info.ca\/energies-fossiles-luniversite-de-victoria-desinvestit-80-millions-de-dollars\/\" target=\"_blank\">\u00c9nergies fossiles : l\u2019universit\u00e9 de Victoria d\u00e9sinvestit 80 millions de dollars<\/a><\/p>\n\n\n\n<p><a rel=\"noreferrer noopener\" href=\"https:\/\/canada-info.ca\/racisme-systemique-envers-les-autochtones-dans-le-systeme-de-sante-en-c-b\/\" data-type=\"URL\" data-id=\"https:\/\/canada-info.ca\/racisme-systemique-envers-les-autochtones-dans-le-systeme-de-sante-en-c-b\/\" target=\"_blank\">Racisme syst\u00e9mique envers les autochtones dans le syst\u00e8me de sant\u00e9 en C.-B.<\/a><\/p>\n\n\n\n<p><a rel=\"noreferrer noopener\" href=\"https:\/\/canada-info.ca\/racisme-et-culture-toxique-au-musee-royal-de-colombie-britannique\/\" data-type=\"URL\" data-id=\"https:\/\/canada-info.ca\/racisme-et-culture-toxique-au-musee-royal-de-colombie-britannique\/\" target=\"_blank\">Racisme et \u00ab culture toxique \u00bb au mus\u00e9e royal de C.-B.<\/a><\/p>\n\n\n\n<p><a rel=\"noreferrer noopener\" href=\"https:\/\/radiovictoria.ca\/campements-a-beacon-hill-victoria-demande-lavis-des-tribunaux\/\" data-type=\"URL\" data-id=\"https:\/\/radiovictoria.ca\/campements-a-beacon-hill-victoria-demande-lavis-des-tribunaux\/\" target=\"_blank\">Campements \u00e0 Beacon Hill : Victoria demande l\u2019avis de la Cour supr\u00eame de la C.-B.<\/a><\/p>\n\n\n\n<p><a rel=\"noreferrer noopener\" href=\"https:\/\/canada-info.ca\/lhistoire-des-songhees-a-decouvrir-au-fil-de-leau-en-2022-a-victoria\/\" data-type=\"URL\" data-id=\"https:\/\/canada-info.ca\/lhistoire-des-songhees-a-decouvrir-au-fil-de-leau-en-2022-a-victoria\/\" target=\"_blank\">L\u2019histoire des Songhees \u00e0 d\u00e9couvrir au fil de l\u2019eau en 2022 \u00e0 Victoria<\/a><\/p>\n\n\n\n<p><a href=\"http:\/\/Covid-19: durcissement des restrictions en C.-B.\" target=\"_blank\" rel=\"noreferrer noopener\">Covid-19: durcissement des restrictions en C.-B.<\/a><\/p>\n","protected":false},"excerpt":{"rendered":"<p>De novembre 2020 \u00e0 mars 2021, je couvre des th\u00e9matiques municipales pour Radio Victoria. A \u00e9couter sur mon Soundcloud. Reportages Parc Beacon Hill : plus&hellip;<\/p>\n","protected":false},"author":1,"featured_media":1159,"comment_status":"closed","ping_status":"closed","sticky":false,"template":"","format":"standard","meta":[],"categories":[14],"tags":[],"_links":{"self":[{"href":"http:\/\/melindatrochu.com\/index.php?rest_route=\/wp\/v2\/posts\/1158"}],"collection":[{"href":"http:\/\/melindatrochu.com\/index.php?rest_route=\/wp\/v2\/posts"}],"about":[{"href":"http:\/\/melindatrochu.com\/index.php?rest_route=\/wp\/v2\/types\/post"}],"author":[{"embeddable":true,"href":"http:\/\/melindatrochu.com\/index.php?rest_route=\/wp\/v2\/users\/1"}],"replies":[{"embeddable":true,"href":"http:\/\/melindatrochu.com\/index.php?rest_route=%2Fwp%2Fv2%2Fcomments&post=1158"}],"version-history":[{"count":17,"href":"http:\/\/melindatrochu.com\/index.php?rest_route=\/wp\/v2\/posts\/1158\/revisions"}],"predecessor-version":[{"id":1205,"href":"http:\/\/melindatrochu.com\/index.php?rest_route=\/wp\/v2\/posts\/1158\/revisions\/1205"}],"wp:featuredmedia":[{"embeddable":true,"href":"http:\/\/melindatrochu.com\/index.php?rest_route=\/wp\/v2\/media\/1159"}],"wp:attachment":[{"href":"http:\/\/melindatrochu.com\/index.php?rest_route=%2Fwp%2Fv2%2Fmedia&parent=1158"}],"wp:term":[{"taxonomy":"category","embeddable":true,"href":"http:\/\/melindatrochu.com\/index.php?rest_route=%2Fwp%2Fv2%2Fcategories&post=1158"},{"taxonomy":"post_tag","embeddable":true,"href":"http:\/\/melindatrochu.com\/index.php?rest_route=%2Fwp%2Fv2%2Ftags&post=1158"}],"curies":[{"name":"wp","href":"https:\/\/api.w.org\/{rel}","templated":true}]}}