{"id":486,"date":"2015-02-23T15:24:09","date_gmt":"2015-02-23T12:24:09","guid":{"rendered":"http:\/\/melindatrochu.com\/?p=486"},"modified":"2015-06-23T15:55:50","modified_gmt":"2015-06-23T12:55:50","slug":"aya-mhanna-psychologue-au-service-des-refugiees-syriennes","status":"publish","type":"post","link":"http:\/\/melindatrochu.com\/?p=486","title":{"rendered":"Texte &#8211; Aya Mhanna, psychologue au service des r\u00e9fugi\u00e9es syriennes"},"content":{"rendered":"<p><del><\/del><strong>Reportage\u00a0publi\u00e9 le 23 f\u00e9vrier 2015\u00a0(texte et photos)<\/strong><\/p>\n<p style=\"color: #555555;\"><span style=\"color: #000000;\">A 29 ans, Aya Mhanna, psychologue clinicienne et psychoth\u00e9rapeute du Metn, au Liban, parle avec d\u00e9vouement de son m\u00e9tier. Apr\u00e8s des allers retours avec le Canada, c\u2019est au pays du C\u00e8dre qu\u2019elle a choisi d\u2019exercer. D\u00e9tentrice d\u2019un Master en psychologie clinique et psychopathologie de Paris V, la jeune femme a \u00e9galement une formation de psychoth\u00e9rapie familiale et d\u2019art th\u00e9rapie. Autant de dipl\u00f4mes qu\u2019elle met aujourd\u2019hui \u00e0 profit.<\/span><\/p>\n<p style=\"color: #555555;\">A lire sur\u00a0<a href=\"http:\/\/information.tv5monde.com\/terriennes\/aya-mhanna-une-psychologue-au-service-des-syriens-14984\" target=\"_blank\">Terriennes<\/a><\/p>\n<p>&nbsp;<\/p>\n","protected":false},"excerpt":{"rendered":"<p>Reportage\u00a0publi\u00e9 le 23 f\u00e9vrier 2015\u00a0(texte et photos) A 29 ans, Aya Mhanna, psychologue clinicienne et psychoth\u00e9rapeute du Metn, au Liban, parle avec d\u00e9vouement de son&hellip;<\/p>\n","protected":false},"author":1,"featured_media":488,"comment_status":"open","ping_status":"open","sticky":false,"template":"","format":"standard","meta":[],"categories":[4],"tags":[],"_links":{"self":[{"href":"http:\/\/melindatrochu.com\/index.php?rest_route=\/wp\/v2\/posts\/486"}],"collection":[{"href":"http:\/\/melindatrochu.com\/index.php?rest_route=\/wp\/v2\/posts"}],"about":[{"href":"http:\/\/melindatrochu.com\/index.php?rest_route=\/wp\/v2\/types\/post"}],"author":[{"embeddable":true,"href":"http:\/\/melindatrochu.com\/index.php?rest_route=\/wp\/v2\/users\/1"}],"replies":[{"embeddable":true,"href":"http:\/\/melindatrochu.com\/index.php?rest_route=%2Fwp%2Fv2%2Fcomments&post=486"}],"version-history":[{"count":2,"href":"http:\/\/melindatrochu.com\/index.php?rest_route=\/wp\/v2\/posts\/486\/revisions"}],"predecessor-version":[{"id":504,"href":"http:\/\/melindatrochu.com\/index.php?rest_route=\/wp\/v2\/posts\/486\/revisions\/504"}],"wp:featuredmedia":[{"embeddable":true,"href":"http:\/\/melindatrochu.com\/index.php?rest_route=\/wp\/v2\/media\/488"}],"wp:attachment":[{"href":"http:\/\/melindatrochu.com\/index.php?rest_route=%2Fwp%2Fv2%2Fmedia&parent=486"}],"wp:term":[{"taxonomy":"category","embeddable":true,"href":"http:\/\/melindatrochu.com\/index.php?rest_route=%2Fwp%2Fv2%2Fcategories&post=486"},{"taxonomy":"post_tag","embeddable":true,"href":"http:\/\/melindatrochu.com\/index.php?rest_route=%2Fwp%2Fv2%2Ftags&post=486"}],"curies":[{"name":"wp","href":"https:\/\/api.w.org\/{rel}","templated":true}]}}