{"id":497,"date":"2015-04-01T15:46:35","date_gmt":"2015-04-01T12:46:35","guid":{"rendered":"http:\/\/melindatrochu.com\/?p=497"},"modified":"2016-01-18T06:17:27","modified_gmt":"2016-01-18T03:17:27","slug":"texte-entre-coran-et-pop-culture-un-americain-cultive-au-liban-lart-de-la-calligraphie","status":"publish","type":"post","link":"http:\/\/melindatrochu.com\/?p=497","title":{"rendered":"Texte &#8211; Entre Coran et pop-culture, un Am\u00e9ricain cultive au Liban l\u2019art de la calligraphie"},"content":{"rendered":"<p style=\"color: #555555;\"><strong>Reportage\u00a0publi\u00e9 en avril 2015\u00a0(texte et photos) dans La Cit\u00e9<\/strong><\/p>\n<p style=\"color: #555555;\">Everitte Barbee, 26 ans, a trouv\u00e9 sa voie au Moyen-Orient. Ce jeune originaire\u00a0de Nashville, au Tennessee, est devenu calligraphe. Son cr\u00e9neau: le scripte diwani\u00a0assaisonn\u00e9 de r\u00e9f\u00e9rences \u00e0 la pop-culture et aux \u00c9tats-Unis.\u00a0Un pont entre Orient et Occident qui d\u00e9samorce les clich\u00e9s.\u00a0Quitte \u00e0 les dessiner.<\/p>\n<p style=\"color: #555555;\">A lire ci-dessous<\/p>\n<p style=\"color: #555555;\"><iframe src=\"\/\/docs.google.com\/viewer?url=http%3A%2F%2Fmelindatrochu.com%2Fwp-content%2Fuploads%2F2015%2F06%2F04_CITE_04_pages_14_15.pdf&hl=fr&embedded=true\" class=\"gde-frame\" style=\"width:100%; height:500px; border: none;\" scrolling=\"no\"><\/iframe>\n<\/p>\n","protected":false},"excerpt":{"rendered":"<p>Reportage\u00a0publi\u00e9 en avril 2015\u00a0(texte et photos) dans La Cit\u00e9 Everitte Barbee, 26 ans, a trouv\u00e9 sa voie au Moyen-Orient. Ce jeune originaire\u00a0de Nashville, au Tennessee,&hellip;<\/p>\n","protected":false},"author":1,"featured_media":499,"comment_status":"open","ping_status":"open","sticky":false,"template":"","format":"standard","meta":[],"categories":[4],"tags":[],"_links":{"self":[{"href":"http:\/\/melindatrochu.com\/index.php?rest_route=\/wp\/v2\/posts\/497"}],"collection":[{"href":"http:\/\/melindatrochu.com\/index.php?rest_route=\/wp\/v2\/posts"}],"about":[{"href":"http:\/\/melindatrochu.com\/index.php?rest_route=\/wp\/v2\/types\/post"}],"author":[{"embeddable":true,"href":"http:\/\/melindatrochu.com\/index.php?rest_route=\/wp\/v2\/users\/1"}],"replies":[{"embeddable":true,"href":"http:\/\/melindatrochu.com\/index.php?rest_route=%2Fwp%2Fv2%2Fcomments&post=497"}],"version-history":[{"count":1,"href":"http:\/\/melindatrochu.com\/index.php?rest_route=\/wp\/v2\/posts\/497\/revisions"}],"predecessor-version":[{"id":500,"href":"http:\/\/melindatrochu.com\/index.php?rest_route=\/wp\/v2\/posts\/497\/revisions\/500"}],"wp:featuredmedia":[{"embeddable":true,"href":"http:\/\/melindatrochu.com\/index.php?rest_route=\/wp\/v2\/media\/499"}],"wp:attachment":[{"href":"http:\/\/melindatrochu.com\/index.php?rest_route=%2Fwp%2Fv2%2Fmedia&parent=497"}],"wp:term":[{"taxonomy":"category","embeddable":true,"href":"http:\/\/melindatrochu.com\/index.php?rest_route=%2Fwp%2Fv2%2Fcategories&post=497"},{"taxonomy":"post_tag","embeddable":true,"href":"http:\/\/melindatrochu.com\/index.php?rest_route=%2Fwp%2Fv2%2Ftags&post=497"}],"curies":[{"name":"wp","href":"https:\/\/api.w.org\/{rel}","templated":true}]}}