{"id":744,"date":"2016-10-24T04:52:16","date_gmt":"2016-10-24T01:52:16","guid":{"rendered":"http:\/\/melindatrochu.com\/?p=744"},"modified":"2017-04-17T04:55:16","modified_gmt":"2017-04-17T01:55:16","slug":"texte-au-liban-la-crise-des-dechets-inspire-des-initiatives-ecologiques","status":"publish","type":"post","link":"http:\/\/melindatrochu.com\/?p=744","title":{"rendered":"Texte \u2013 Au Liban, la crise des d\u00e9chets inspire des initiatives \u00e9cologiques"},"content":{"rendered":"<p>Reportage publi\u00e9 le 24 octobre 2016 (texte &amp; photo)<\/p>\n<p>En juillet 2015, une crise li\u00e9e aux ordures s\u2019est ajout\u00e9e \u00e0 la morosit\u00e9 ambiante dans les rues du pays. En cause, la fermeture de la plus grande d\u00e9charge du pays \u00e0 Naam\u00e9, au sud de la capitale, ouverte \u00e0 titre temporaire au d\u00e9but des ann\u00e9es 1990. Des manifestations de dizaines de milliers de personnes, notamment organis\u00e9es par le collectif \u00ab Vous puez \u00bb, avaient alors fait les unes des m\u00e9dias.<\/p>\n<p>A lire dans <a href=\"https:\/\/www.equaltimes.org\/au-liban-la-crise-des-dechets#.WPQfrdI1-00\">Equal Times<\/a><\/p>\n","protected":false},"excerpt":{"rendered":"<p>Reportage publi\u00e9 le 24 octobre 2016 (texte &amp; photo) En juillet 2015, une crise li\u00e9e aux ordures s\u2019est ajout\u00e9e \u00e0 la morosit\u00e9 ambiante dans les&hellip;<\/p>\n","protected":false},"author":1,"featured_media":745,"comment_status":"open","ping_status":"open","sticky":false,"template":"","format":"standard","meta":[],"categories":[4],"tags":[],"_links":{"self":[{"href":"http:\/\/melindatrochu.com\/index.php?rest_route=\/wp\/v2\/posts\/744"}],"collection":[{"href":"http:\/\/melindatrochu.com\/index.php?rest_route=\/wp\/v2\/posts"}],"about":[{"href":"http:\/\/melindatrochu.com\/index.php?rest_route=\/wp\/v2\/types\/post"}],"author":[{"embeddable":true,"href":"http:\/\/melindatrochu.com\/index.php?rest_route=\/wp\/v2\/users\/1"}],"replies":[{"embeddable":true,"href":"http:\/\/melindatrochu.com\/index.php?rest_route=%2Fwp%2Fv2%2Fcomments&post=744"}],"version-history":[{"count":1,"href":"http:\/\/melindatrochu.com\/index.php?rest_route=\/wp\/v2\/posts\/744\/revisions"}],"predecessor-version":[{"id":746,"href":"http:\/\/melindatrochu.com\/index.php?rest_route=\/wp\/v2\/posts\/744\/revisions\/746"}],"wp:featuredmedia":[{"embeddable":true,"href":"http:\/\/melindatrochu.com\/index.php?rest_route=\/wp\/v2\/media\/745"}],"wp:attachment":[{"href":"http:\/\/melindatrochu.com\/index.php?rest_route=%2Fwp%2Fv2%2Fmedia&parent=744"}],"wp:term":[{"taxonomy":"category","embeddable":true,"href":"http:\/\/melindatrochu.com\/index.php?rest_route=%2Fwp%2Fv2%2Fcategories&post=744"},{"taxonomy":"post_tag","embeddable":true,"href":"http:\/\/melindatrochu.com\/index.php?rest_route=%2Fwp%2Fv2%2Ftags&post=744"}],"curies":[{"name":"wp","href":"https:\/\/api.w.org\/{rel}","templated":true}]}}