{"id":99,"date":"2014-04-11T16:54:55","date_gmt":"2014-04-11T13:54:55","guid":{"rendered":"http:\/\/melindatrochu.com\/?p=99"},"modified":"2015-09-29T06:11:28","modified_gmt":"2015-09-29T03:11:28","slug":"texte-meres-et-epouses-de-disparus-continuent-le-combat-au-liban","status":"publish","type":"post","link":"http:\/\/melindatrochu.com\/?p=99","title":{"rendered":"Texte &#8211; M\u00e8res et \u00e9pouses de disparus continuent le combat au Liban"},"content":{"rendered":"<p style=\"color: #555555;\"><strong>Reportage\u00a0publi\u00e9 le 11 avril 2014\u00a0(texte et photos)<\/strong><\/p>\n<p style=\"color: #555555;\"><span style=\"color: #000000;\">Elle a racont\u00e9 son histoire des centaines de fois. Autant d\u2019interviews que de jours et de nuits \u00e0 passer \u00e0 attendre son mari. Wadad Halwani est \u00e0 la t\u00eate du Comit\u00e9 des familles de disparus au Liban. Petite, son visage entour\u00e9 de ses cheveux au carr\u00e9, elle re\u00e7oit dans son bureau au S\u00e9rail, le si\u00e8ge du gouvernement. Wadad, 62 ans, \u0153uvre comme fonctionnaire depuis la fin de la guerre civile. Travailler pr\u00e8s de ceux qui font tout pour taire les horreurs de la guerre. Une ironie toute libanaise.<\/span><\/p>\n<p style=\"color: #555555;\">A lire sur <a href=\"http:\/\/information.tv5monde.com\/terriennes\/meres-et-epouses-de-disparus-continuent-le-combat-au-liban-3226\" target=\"_blank\">Terriennes<\/a><\/p>\n","protected":false},"excerpt":{"rendered":"<p>Reportage\u00a0publi\u00e9 le 11 avril 2014\u00a0(texte et photos) Elle a racont\u00e9 son histoire des centaines de fois. Autant d\u2019interviews que de jours et de nuits \u00e0&hellip;<\/p>\n","protected":false},"author":1,"featured_media":100,"comment_status":"open","ping_status":"open","sticky":false,"template":"","format":"standard","meta":[],"categories":[4],"tags":[],"_links":{"self":[{"href":"http:\/\/melindatrochu.com\/index.php?rest_route=\/wp\/v2\/posts\/99"}],"collection":[{"href":"http:\/\/melindatrochu.com\/index.php?rest_route=\/wp\/v2\/posts"}],"about":[{"href":"http:\/\/melindatrochu.com\/index.php?rest_route=\/wp\/v2\/types\/post"}],"author":[{"embeddable":true,"href":"http:\/\/melindatrochu.com\/index.php?rest_route=\/wp\/v2\/users\/1"}],"replies":[{"embeddable":true,"href":"http:\/\/melindatrochu.com\/index.php?rest_route=%2Fwp%2Fv2%2Fcomments&post=99"}],"version-history":[{"count":4,"href":"http:\/\/melindatrochu.com\/index.php?rest_route=\/wp\/v2\/posts\/99\/revisions"}],"predecessor-version":[{"id":515,"href":"http:\/\/melindatrochu.com\/index.php?rest_route=\/wp\/v2\/posts\/99\/revisions\/515"}],"wp:featuredmedia":[{"embeddable":true,"href":"http:\/\/melindatrochu.com\/index.php?rest_route=\/wp\/v2\/media\/100"}],"wp:attachment":[{"href":"http:\/\/melindatrochu.com\/index.php?rest_route=%2Fwp%2Fv2%2Fmedia&parent=99"}],"wp:term":[{"taxonomy":"category","embeddable":true,"href":"http:\/\/melindatrochu.com\/index.php?rest_route=%2Fwp%2Fv2%2Fcategories&post=99"},{"taxonomy":"post_tag","embeddable":true,"href":"http:\/\/melindatrochu.com\/index.php?rest_route=%2Fwp%2Fv2%2Ftags&post=99"}],"curies":[{"name":"wp","href":"https:\/\/api.w.org\/{rel}","templated":true}]}}